{"id":107,"date":"2011-10-05T06:35:36","date_gmt":"2011-10-05T09:35:36","guid":{"rendered":"http:\/\/www.superbuscador.cl\/?p=107"},"modified":"2011-10-09T19:58:32","modified_gmt":"2011-10-09T22:58:32","slug":"aca-esta-el-rey-del-rock","status":"publish","type":"post","link":"http:\/\/www.superbuscador.cl\/?p=107","title":{"rendered":"Ac\u00e1 est\u00e1 El Rey del Rock"},"content":{"rendered":"<p><a href=\"http:\/\/www.superbuscador.cl\/wp-content\/uploads\/2011\/10\/Elvis001.jpg\"><img loading=\"lazy\" decoding=\"async\" class=\"alignleft size-medium wp-image-108\" title=\"Elvis001\" src=\"http:\/\/www.superbuscador.cl\/wp-content\/uploads\/2011\/10\/Elvis001-212x300.jpg\" alt=\"Elvis, \u00eddolo de los col\u00e9ricos\" width=\"212\" height=\"300\" srcset=\"http:\/\/www.superbuscador.cl\/wp-content\/uploads\/2011\/10\/Elvis001-212x300.jpg 212w, http:\/\/www.superbuscador.cl\/wp-content\/uploads\/2011\/10\/Elvis001-723x1024.jpg 723w, http:\/\/www.superbuscador.cl\/wp-content\/uploads\/2011\/10\/Elvis001.jpg 2029w\" sizes=\"auto, (max-width: 212px) 100vw, 212px\" \/><\/a>Agosto de 1987. Falta una semana para que se cumplan 10 a\u00f1os de la muerte de Elvis Presley. En la \u00abRevista del Domingo\u00bb de \u00abEl Mercurio\u00bb propongo celebrarlo con una cr\u00f3nica en portada y centrales.<\/p>\n<p>En una \u00e9poca sin\u00a0Internet\u00a0y sin las facilidades de comunicaci\u00f3n actuales, una fuente b\u00e1sica de la informaci\u00f3n que consegu\u00ed fue una maravillosa colecci\u00f3n de la revista \u00abEcran\u00bb que la \u00abRevista del Domingo\u00bb hab\u00eda adquirido. Estaban todos los n\u00fameros de los a\u00f1os 50 y 60 magn\u00edficamente empastados.<\/p>\n<p>De all\u00ed surgi\u00f3 la referencia a Camilo Fern\u00e1ndez, el gran productor musical de la Nueva Ola (Q.E.P.D.). En 1957, \u00e9l se hab\u00eda manifestado cr\u00edtico de Elvis, favorable a Pat Boone. Yo creo que su punto de vista era compartido por muchos en ese momento.<\/p>\n<p>Le doli\u00f3 la publicaci\u00f3n a Camilo Fern\u00e1ndez. Envi\u00f3 una larga nota justificando su posici\u00f3n. Se public\u00f3 el 13 de septiembre de 1987: \u00abLa reacci\u00f3n fue violenta, y los juicios, apresurados\u00bb, confiesa. \u00abLa irrupci\u00f3n de Presley fue una bomba en el centro de nuestra burbuja cultural. Convirti\u00f3 el canto en un grosero atentado sexual\u00bb.<\/p>\n<p><a href=\"http:\/\/www.superbuscador.cl\/wp-content\/uploads\/2011\/10\/Elvis004.jpg\"><img loading=\"lazy\" decoding=\"async\" class=\"aligncenter size-large wp-image-109\" title=\"Elvis004\" src=\"http:\/\/www.superbuscador.cl\/wp-content\/uploads\/2011\/10\/Elvis004-1024x724.jpg\" alt=\"\" width=\"450\" height=\"318\" srcset=\"http:\/\/www.superbuscador.cl\/wp-content\/uploads\/2011\/10\/Elvis004-1024x724.jpg 1024w, http:\/\/www.superbuscador.cl\/wp-content\/uploads\/2011\/10\/Elvis004-300x212.jpg 300w\" sizes=\"auto, (max-width: 450px) 100vw, 450px\" \/><\/a><\/p>\n<p>El dise\u00f1o de la cr\u00f3nica es de mi gran amigo Carlitos Olavarr\u00eda (Q.E.P.D.), a quien le dedic\u00f3 esta republicaci\u00f3n.<\/p>\n<p>Nada me gustaba m\u00e1s que escribir historias de rock en la \u00abRevista del Domingo\u00bb: un\u00eda dos de mis grandes pasiones: la historia y la m\u00fasica, y, dentro de la m\u00fasica, el rock. En este mismo volumen empastado de la \u00abRevista del Domingo\u00bb, tambi\u00e9n hay una cr\u00f3nica sobre los Doors, sobre Maurice Ravel, sobre el compositor chileno Andr\u00e9s Alcalde (compa\u00f1ero m\u00edo en el Conservatorio), sobre Gershwin y sobre el m\u00fasico brasile\u00f1o Heitor Villalobos. Ya las ir\u00e1n viendo&#8230;<\/p>\n<p>Todas ellas fueron acompa\u00f1adas por programas en la radio. \u00a1Ah, no! \u00a1Si yo era muy multimedios en los a\u00f1os 80! Siempre llamaba a una radio y les ped\u00eda que hicieran un programa. Este, de Elvis, fue en la Radio Infinita, 100.1 FM Stereo, a las 19 horas, el domingo 9 de agosto de 1987.<\/p>\n<p>Debo agradecer el aliciente que me dieron Ver\u00f3nica N\u00fa\u00f1ez y Marco Pe\u00f1a, del programa <a title=\"D\u00edas Felices\" href=\"http:\/\/www.facebook.com\/pages\/D%C3%8DAS-FELICES-OFICIAL\/220538524633994?sk=info\">\u00abD\u00edas Felices\u00bb,<\/a> de Radio Agricultura, para digitalizar este material y publicarlo. Era una cosa que siempre hab\u00eda tenido pendiente, pero nunca atinaba.<\/p>\n<p>El programa <a title=\"Blog de D\u00edas Felices\" href=\"http:\/\/www.radioagricultura.cl\/blogs\/dias-felices\/bienvenidos-al-blog-de-dias-felices\/\">\u00abD\u00edas Felices\u00bb<\/a> va todos los domingos de 11 a 13 horas en Radio Agricultura 92.1 FM.<\/p>\n","protected":false},"excerpt":{"rendered":"<p>Agosto de 1987. Falta una semana para que se cumplan 10 a\u00f1os de la muerte de Elvis Presley. En la \u00abRevista del Domingo\u00bb de \u00abEl Mercurio\u00bb propongo celebrarlo con una cr\u00f3nica en portada y centrales. En una \u00e9poca sin\u00a0Internet\u00a0y sin las facilidades de comunicaci\u00f3n actuales, una fuente b\u00e1sica de la informaci\u00f3n que consegu\u00ed fue una [&hellip;]<\/p>\n","protected":false},"author":1,"featured_media":0,"comment_status":"open","ping_status":"open","sticky":false,"template":"","format":"standard","meta":{"footnotes":""},"categories":[62,63,60,59,61],"tags":[65,64,87,89,88],"class_list":["post-107","post","type-post","status-publish","format-standard","hentry","category-elvis-presley","category-memorias-musicales","category-music","category-musica","category-rock","tag-elvis","tag-memoriasmusicales","tag-music","tag-musica","tag-rock"],"_links":{"self":[{"href":"http:\/\/www.superbuscador.cl\/index.php?rest_route=\/wp\/v2\/posts\/107","targetHints":{"allow":["GET"]}}],"collection":[{"href":"http:\/\/www.superbuscador.cl\/index.php?rest_route=\/wp\/v2\/posts"}],"about":[{"href":"http:\/\/www.superbuscador.cl\/index.php?rest_route=\/wp\/v2\/types\/post"}],"author":[{"embeddable":true,"href":"http:\/\/www.superbuscador.cl\/index.php?rest_route=\/wp\/v2\/users\/1"}],"replies":[{"embeddable":true,"href":"http:\/\/www.superbuscador.cl\/index.php?rest_route=%2Fwp%2Fv2%2Fcomments&post=107"}],"version-history":[{"count":6,"href":"http:\/\/www.superbuscador.cl\/index.php?rest_route=\/wp\/v2\/posts\/107\/revisions"}],"predecessor-version":[{"id":111,"href":"http:\/\/www.superbuscador.cl\/index.php?rest_route=\/wp\/v2\/posts\/107\/revisions\/111"}],"wp:attachment":[{"href":"http:\/\/www.superbuscador.cl\/index.php?rest_route=%2Fwp%2Fv2%2Fmedia&parent=107"}],"wp:term":[{"taxonomy":"category","embeddable":true,"href":"http:\/\/www.superbuscador.cl\/index.php?rest_route=%2Fwp%2Fv2%2Fcategories&post=107"},{"taxonomy":"post_tag","embeddable":true,"href":"http:\/\/www.superbuscador.cl\/index.php?rest_route=%2Fwp%2Fv2%2Ftags&post=107"}],"curies":[{"name":"wp","href":"https:\/\/api.w.org\/{rel}","templated":true}]}}