{"id":12,"date":"2009-06-09T03:22:00","date_gmt":"2009-06-09T03:22:00","guid":{"rendered":"http:\/\/www.superbuscador.cl\/?p=12"},"modified":"2009-06-09T03:22:00","modified_gmt":"2009-06-09T03:22:00","slug":"el-gobierno-invierte-3-000-millones-para-promover-la-conectividad-digital-en-las-empresas-pequenas","status":"publish","type":"post","link":"http:\/\/www.superbuscador.cl\/?p=12","title":{"rendered":"El Gobierno invierte $3.000 millones para promover la conectividad digital en las empresas peque\u00f1as"},"content":{"rendered":"<p><a onblur=\"try {parent.deselectBloggerImageGracefully();} catch(e) {}\" href=\"http:\/\/www.anproschile.cl\/images\/stories\/cards\/cebolla_semillero.jpg\"><img decoding=\"async\" style=\"margin: 0pt 0pt 10px 10px; float: right; cursor: pointer; width: 640px; height: 429px;\" src=\"http:\/\/www.anproschile.cl\/images\/stories\/cards\/cebolla_semillero.jpg\" alt=\"\" border=\"0\" \/><\/a><br \/>Un programa especial para fortalecer la conectividad digital entre las Empresas de Menor Tama\u00f1o (EMT) anunci\u00f3 el subsecretario de <a href=\"http:\/\/www.economia.cl\/1540\/article-188664.html\">Econom\u00eda<\/a>, Jean-Jacques Duhart.<br \/>El plan contempla una inversi\u00f3n p\u00fablica de $3.000 millones para promover el uso productivo de las nuevas tecnolog\u00edas de la informaci\u00f3n.<br \/>Duhart se manifest\u00f3 interesado en complementar lo que est\u00e1 haciendo la Subsecretar\u00eda de Telecomunicaciones (Subtel), a trav\u00e9s del Fondo de Desarrollo de las Telecomunicaciones (FDT), con un \u00abesfuerzo aguas abajo\u00bb para generar un impacto a nivel de las empresas que se pueda medir en su nivel de productividad.<br \/>Gracias a la<a href=\"http:\/\/blog.subtel.cl\/wp\/\"> iniciativa de Subtel<\/a>, casi 1.500 localidades rurales en todo el pa\u00eds contar\u00e1n con acceso inal\u00e1mbrico WiMAX.<br \/>El nuevo programa que present\u00f3 Duhart favorecer\u00e1 a cerca de 10 mil pymes relacionadas con los clusters alimentario, acu\u00edcola y de turismo de intereses especiales. Ser\u00e1 lanzado el pr\u00f3ximo 15 de junio; se recibir\u00e1n postulaciones hasta el 15 de agosto y se adjudicar\u00e1n los proyectos el 15 de octubre.<br \/>Se contempla el cofinanciamiento con recursos privados de los proyectos que se pongan en marcha, de modo que la inversi\u00f3n total superar\u00e1 los $4.300 millones.<br \/><a href=\"http:\/\/www.corfo.cl\/acerca_de_corfo\/innova_chile\/que_es_innovachile\">InnovaChile, de Corfo<\/a> (la agencia que lanzar\u00e1 la convocatoria del programa) financiar\u00e1 $1.800 millones, mientras que los gobiernos regionales aportar\u00e1n $1.200 millones.<br \/>\u00abEl mayor m\u00e9rito de la iniciativa que estamos poniendo en marcha es que por primera vez estamos trabajando de manera coordinada, complementaria, con una visi\u00f3n sist\u00e9mica, integrada en toda la cadena\u00bb, se\u00f1al\u00f3 Duhart. \u00abEsto no se resuelve solamente con buen software; no se resuelve solamente con buen hardware; no se resuelve solamente con buenas empresas de consultor\u00eda, sino que se requiere una acci\u00f3n combinada y complementaria porque de lo que se trata es de generar cambios a nivel de las pr\u00e1cticas de las empresas\u00bb.<br \/>En la presentaci\u00f3n de este \u00abPrograma de Conectividad Digital: Soluciones Integrales para la Acuicultura, el Turismo y la Agricultura\u00bb, participaron Orlando Jim\u00e9nez, Jefe de la Divisi\u00f3n de Innovaci\u00f3n del Ministerio de Econom\u00eda; Jean-Jacques Duhart; Carlos \u00c1lvarez, Vicepresidente Ejecutivo de la Corfo; Renzo de Kartzow, director del <a href=\"http:\/\/www.ctac.cl\/\">Centro Tecnol\u00f3gico Aseguramiento de Calidad (CTAC)<\/a>, y Mario Schindler Maggi, Gerente Ejecutivo de la<a href=\"http:\/\/www.anproschile.cl\/index.php?lang=es\"> Asociaci\u00f3n Nacional de Productores de Semillas (Anpros A.G.<\/a>). <span style=\"font-style: italic;\">(La imagen de arriba es de Anpros A.G.)<\/span><br \/>Carlos \u00c1lvarez reiter\u00f3 que \u00abno basta el acceso a la conectividad; \u00e9ste es un factor habilitante muy importante, pero si no se logra generar un conjunto de usos pertinentes, un conjunto de usos valiosos para aqu\u00e9llos que viven en los territorios ahora conectados, el esfuerzo de conectividad va a tener un impacto muy marginal\u00bb.<br \/>Hay que promover \u00abla alfabetizaci\u00f3n digital rural, la generaci\u00f3n de contenidos, el desarrollo de aplicaciones y las herramientas tecnol\u00f3gicas innovadoras en las pymes que integran la cadena productiva\u00bb, dijo \u00c1lvarez.<br \/>Renzo de Kartzow mostr\u00f3 la experiencia de la <a href=\"http:\/\/www.economia.cl\/1540\/articles-188664_recurso_2.ppt\">Red Wireless Rural de Catemu<\/a>, que es una red inal\u00e1mbrica que da soporte a servicios y aplicaciones en esa localidad, y c\u00f3mo est\u00e1n intentando replicar este proyecto exitoso.<br \/>Mario Schindler Maggi destac\u00f3 el <a href=\"http:\/\/www.economia.cl\/1540\/articles-188664_recurso_3.ppt\">\u00abSistema de Aislaciones Anpros: Semillas de Alta Calidad Para el Mundo\u00bb<\/a>, un avanzado Sistema de Informaci\u00f3n Geogr\u00e1fico (SIG) cuyo objetivo es ordenar espacialmente la producci\u00f3n de semillas a nivel nacional, para asegurar la producci\u00f3n de semilla de alta calidad y gen\u00e9ticamente pura.<br \/>Chile exporta 52 especies de semillas, es el sexto exportador de semillas del mundo y el primer exportador del Hemisferio Sur. En cinco a\u00f1os, ha pasado de exportar US$163 millones a US$330 millones.<\/p>\n","protected":false},"excerpt":{"rendered":"<p>Un programa especial para fortalecer la conectividad digital entre las Empresas de Menor Tama\u00f1o (EMT) anunci\u00f3 el subsecretario de Econom\u00eda, Jean-Jacques Duhart.El plan contempla una inversi\u00f3n p\u00fablica de $3.000 millones para promover el uso productivo de las nuevas tecnolog\u00edas de la informaci\u00f3n.Duhart se manifest\u00f3 interesado en complementar lo que est\u00e1 haciendo la Subsecretar\u00eda de Telecomunicaciones [&hellip;]<\/p>\n","protected":false},"author":1,"featured_media":0,"comment_status":"open","ping_status":"open","sticky":false,"template":"","format":"standard","meta":{"footnotes":""},"categories":[15,16,17],"tags":[],"class_list":["post-12","post","type-post","status-publish","format-standard","hentry","category-brecha-digital","category-conectividad","category-innovacion"],"_links":{"self":[{"href":"http:\/\/www.superbuscador.cl\/index.php?rest_route=\/wp\/v2\/posts\/12","targetHints":{"allow":["GET"]}}],"collection":[{"href":"http:\/\/www.superbuscador.cl\/index.php?rest_route=\/wp\/v2\/posts"}],"about":[{"href":"http:\/\/www.superbuscador.cl\/index.php?rest_route=\/wp\/v2\/types\/post"}],"author":[{"embeddable":true,"href":"http:\/\/www.superbuscador.cl\/index.php?rest_route=\/wp\/v2\/users\/1"}],"replies":[{"embeddable":true,"href":"http:\/\/www.superbuscador.cl\/index.php?rest_route=%2Fwp%2Fv2%2Fcomments&post=12"}],"version-history":[{"count":0,"href":"http:\/\/www.superbuscador.cl\/index.php?rest_route=\/wp\/v2\/posts\/12\/revisions"}],"wp:attachment":[{"href":"http:\/\/www.superbuscador.cl\/index.php?rest_route=%2Fwp%2Fv2%2Fmedia&parent=12"}],"wp:term":[{"taxonomy":"category","embeddable":true,"href":"http:\/\/www.superbuscador.cl\/index.php?rest_route=%2Fwp%2Fv2%2Fcategories&post=12"},{"taxonomy":"post_tag","embeddable":true,"href":"http:\/\/www.superbuscador.cl\/index.php?rest_route=%2Fwp%2Fv2%2Ftags&post=12"}],"curies":[{"name":"wp","href":"https:\/\/api.w.org\/{rel}","templated":true}]}}