{"id":180,"date":"2016-08-15T22:52:11","date_gmt":"2016-08-16T02:52:11","guid":{"rendered":"http:\/\/www.superbuscador.cl\/?p=180"},"modified":"2016-08-15T22:52:11","modified_gmt":"2016-08-16T02:52:11","slug":"carlos-puccio-el-otro-cineasta-cautivado-por-rosita-serrano","status":"publish","type":"post","link":"http:\/\/www.superbuscador.cl\/?p=180","title":{"rendered":"Carlos Puccio, el otro cineasta cautivado por Rosita Serrano"},"content":{"rendered":"<p><strong>\u201cCOMIENZA<\/strong> el baile y suena <em>Pobre caminante<\/em> de un tocadiscos. Entre los invitados que se animan a salir a la peque\u00f1a pista se encuentra Carlos Puccio, hermano del ex ministro socialista Osvaldo Puccio, jovenc\u00edsimo junto a su se\u00f1ora, Marisol Guerra.\u201d<\/p>\n<p>As\u00ed lo describe la periodista Roc\u00edo Montes en la revista \u00abCaras\u00bb. \u201c<a href=\"http:\/\/www.caras.cl\/sociedad\/fragmentos-de-la-vida-de-bachelet-en-la-rda-un-casamiento-olvidado\/\">Fragmentos de la vida de Bachelet en la RDA: Un casamiento olvidado<\/a>\u201d se refiere al matrimonio (en 1977) de una pareja de exiliados chilenos en Potsdam, que qued\u00f3 registrado en un documental donde aparecen Michelle Bachelet con Jorge D\u00e1valos, y Carlos Puccio con la bailarina Marisol Guerra.<\/p>\n<p>Conoc\u00ed al cineasta <a href=\"http:\/\/www.elmostrador.cl\/cultura\/2014\/11\/13\/carlos-puccio-in-memoriam\/\">Carlos Puccio Huidobro<\/a>, quien falleci\u00f3 en agosto de 2014 despu\u00e9s de una larga batalla contra el c\u00e1ncer. Lo entrevist\u00e9 varios meses antes, en noviembre de 2013, en su casa de Heriberto Covarrubias (\u201ccasi frente al Cine Hoyts\u201d) acerca de <a href=\"http:\/\/www.superbuscador.cl\/?p=167\">Rosita Serrano<\/a>.<\/p>\n<div id=\"attachment_184\" style=\"width: 204px\" class=\"wp-caption aligncenter\"><a href=\"http:\/\/www.superbuscador.cl\/wp-content\/uploads\/2016\/08\/RositaSerranoBIOGRAFIA4879843443_118510802_n.jpg\"><img loading=\"lazy\" decoding=\"async\" aria-describedby=\"caption-attachment-184\" class=\"size-medium wp-image-184\" src=\"http:\/\/www.superbuscador.cl\/wp-content\/uploads\/2016\/08\/RositaSerranoBIOGRAFIA4879843443_118510802_n-194x300.jpg\" alt=\"En 2005, Hans J\u00f6rg Koch public\u00f3 una biograf\u00eda en alem\u00e1n: &quot;Roter Mohn&quot;.\" width=\"194\" height=\"300\" srcset=\"http:\/\/www.superbuscador.cl\/wp-content\/uploads\/2016\/08\/RositaSerranoBIOGRAFIA4879843443_118510802_n-194x300.jpg 194w, http:\/\/www.superbuscador.cl\/wp-content\/uploads\/2016\/08\/RositaSerranoBIOGRAFIA4879843443_118510802_n.jpg 388w\" sizes=\"auto, (max-width: 194px) 100vw, 194px\" \/><\/a><p id=\"caption-attachment-184\" class=\"wp-caption-text\"><em>En 2005, Hans J\u00f6rg Koch public\u00f3 una biograf\u00eda en alem\u00e1n: \u00abRoter Mohn\u00bb. Koch tambi\u00e9n cuenta con una autobiograf\u00eda que Rosita hab\u00eda comenzado a escribir.<\/em><\/p><\/div>\n<p>Durante sus 17 a\u00f1os en Alemania Oriental, Puccio se hab\u00eda dedicado a investigar a la cantante chilena que triunf\u00f3 en el III Reich. Ten\u00eda sus razones. El representante de las fuerzas armadas chilenas ante la Alemania nazi hab\u00eda sido su abuelo, el general de la Aviaci\u00f3n Osvaldo Puccio Guzm\u00e1n.<\/p>\n<p>Nos reunimos a tomar el t\u00e9 en una soleada tarde primaveral. Un par de perros rottweiler nos observan mientras conversamos.<\/p>\n<p>En medio de nuestra charla, lo llama su hermano Osvaldo (el ex vocero de Ricardo Lagos Escobar), quien fue compa\u00f1ero m\u00edo en el Instituto Nacional (\u201c\u00a1ac\u00e1 estoy con tu compa\u00f1ero!\u201d, le dijo Carlos a Osvaldo). \u201cYo nunca compart\u00ed mucho con mi hermano este fanatismo por pertenecer al colegio\u201d, me confes\u00f3, esc\u00e9ptico, Carlos, refiri\u00e9ndose al \u201cfervor institutano\u201d\u2026<\/p>\n<p>Pese a que ambos egresamos en 1969 (somos de la famosa \u201cGeneraci\u00f3n del 69\u201d), no creo que me ubique Osvaldo Puccio Huidobro porque nunca fuimos compa\u00f1eros de curso. Muy joven, \u00e9l hab\u00eda sido famoso porque publicit\u00f3 en la naciente televisi\u00f3n los \u201ccaramelos Yo-Yo de Calaf\u201d. (Carlos estaba agradecido de que le recordara esta historia.) Despu\u00e9s, Osvaldo, un l\u00edder natural, fue presidente del Centro de Alumnos.<\/p>\n<p>Osvaldo Puccio fue embajador de la Concertaci\u00f3n en Austria, Brasil y Espa\u00f1a. En los \u00faltimos d\u00edas ha salido en las noticias por su participaci\u00f3n en el directorio de AFP Provida.<\/p>\n<p>Osvaldo egres\u00f3 del Sexto de Letras, que era mucho m\u00e1s divertido que nuestros cursos matem\u00e1ticos, y en el cual tambi\u00e9n estaban el pintor Jaime Le\u00f3n, Mois\u00e9s Valdebenito, Marco Antonio Fern\u00e1ndez, el ge\u00f3grafo Pablo Ventura\u2026<\/p>\n<p>(Otro hermano es el director del Hospital San Jos\u00e9, Jos\u00e9 Miguel Puccio, quien fue m\u00e9dico de cabecera de Bachelet en su primer mandato.)<\/p>\n<p>Tal vez lo m\u00e1s interesante de mi visita fue que Carlos ten\u00eda una copia del documento que Rosita Serrano firm\u00f3 el primero de septiembre de 1940 asegurando que no ten\u00eda ascendencia jud\u00eda. En su documental \u201c<a href=\"http:\/\/www.cinechile.cl\/pelicula-2335\">Rosita, la favorita del Tercer Reich<\/a>\u201d, <a href=\"https:\/\/twitter.com\/pabloberthelon\">Pablo Berthelon Aldunate<\/a> afirma que Rosita nunca firm\u00f3 este documento. \u201cSi no lo hubiera firmado, no habr\u00eda podido actuar\u201d, dijo Carlos. \u201c\u00a1Si ah\u00ed dice, poh! \u00a1Si no lo hubiera firmado, no existir\u00eda el documento!\u201d<\/p>\n<div id=\"attachment_170\" style=\"width: 160px\" class=\"wp-caption aligncenter\"><a href=\"http:\/\/www.superbuscador.cl\/wp-content\/uploads\/2014\/06\/RositaSerrano2483-2.jpg\"><img loading=\"lazy\" decoding=\"async\" aria-describedby=\"caption-attachment-170\" class=\"size-thumbnail wp-image-170\" src=\"http:\/\/www.superbuscador.cl\/wp-content\/uploads\/2014\/06\/RositaSerrano2483-2-150x150.jpg\" alt=\"Rosita Serrano: La Favorita del III Reich, documental de Pablo Berthelon sobre su t\u00eda abuela.\" width=\"150\" height=\"150\" \/><\/a><p id=\"caption-attachment-170\" class=\"wp-caption-text\"><em>Rosita Serrano: La Favorita del III Reich, documental de Pablo Berthelon sobre su t\u00eda abuela.<\/em><\/p><\/div>\n<p>Pablo es sobrino nieto en segundo grado de Rosita Serrano (cuyo verdadero nombre es Mar\u00eda Esther Aldunate del Campo). (No es \u201csobrino\u201d, como dice en \u201c<a href=\"http:\/\/www.economiaynegocios.cl\/noticias\/noticias.asp?id=278224\">El Mercurio<\/a>\u201d Mariana Marusic, coautora de \u201cRosita Serrano, La cantante chilena del Tercer Reich\u201d, Ediciones B).<\/p>\n<div id=\"attachment_181\" style=\"width: 160px\" class=\"wp-caption alignleft\"><a href=\"http:\/\/www.superbuscador.cl\/wp-content\/uploads\/2016\/08\/AmapolaRoja107806.jpe\"><img loading=\"lazy\" decoding=\"async\" aria-describedby=\"caption-attachment-181\" class=\"size-thumbnail wp-image-181\" src=\"http:\/\/www.superbuscador.cl\/wp-content\/uploads\/2016\/08\/AmapolaRoja107806-150x150.jpe\" alt=\"Pablo Berthelon est\u00e1 filmando el largometraje &quot;Amapola Roja&quot;.\" width=\"150\" height=\"150\" \/><\/a><p id=\"caption-attachment-181\" class=\"wp-caption-text\"><em>Pablo Berthelon est\u00e1 filmando el largometraje \u00abAmapola Roja\u00bb.<\/em><\/p><\/div>\n<p>Ahora se encuentra filmando la pel\u00edcula \u201c<a href=\"https:\/\/www.facebook.com\/peliculaamapolaroja\/\">Amapola Roja<\/a>\u201d, con Javiera D\u00edaz de Vald\u00e9s como protagonista, sobre los a\u00f1os en que Rosita Serrano triunf\u00f3 en Alemania. Carlos Puccio quer\u00eda crear un documental sobre ese mismo per\u00edodo. Tambi\u00e9n, me dijo\u00a0que Hans J\u00f6rg Koch\u00a0hab\u00eda escrito\u00a0una biograf\u00eda de Rosita: \u00ab<a href=\"https:\/\/www.amazon.com\/Chilenischen-Nachtigall-Rosita-Serrano-Biographie\/dp\/3879562911\/ref=asap_bc?ie=UTF8\">Roter Mohn. Das Leben der &#8216;Chilenischen Nachtigall&#8217; Rosita Serrano. Eine Biographie<\/a>\u00ab. Koch contaba, adem\u00e1s, con una autobiograf\u00eda que Rosita hab\u00eda comenzado a escribir. Carlos Puccio tradujo algunas p\u00e1ginas.<\/p>\n<p>\u201cYo creo que un problema del documental de Pablo Berthelon es que mostr\u00f3 mucho a su mam\u00e1\u201d, me dijo Carlos Puccio, refiri\u00e9ndose a la cantante Isabel Aldunate, sobrina en segundo grado de Rosita Serrano. (Rosita era prima hermana de su padre; unos primos hermanos muy cercanos; cuando decide instalarse en Chile, Rosita vive largo tiempo en la casa de su primo hermano).<\/p>\n<p>En todo caso, observa Carlos, Rosita \u201cera momia. Ella sal\u00eda con las cacerolas a protestar en contra de Allende\u201d.<\/p>\n<p>Durante un momento, Carlos va a preparar t\u00e9 a la cocina y me deja solo en el patio con los rottweiler. Yo no estoy muy contento, pero vuelve y no pasa nada. (Igual, es un momento que no voy a olvidar.)<\/p>\n<p><a href=\"http:\/\/www.superbuscador.cl\/wp-content\/uploads\/2016\/08\/rositaSerrano.jpg\"><img loading=\"lazy\" decoding=\"async\" class=\"alignleft size-thumbnail wp-image-182\" src=\"http:\/\/www.superbuscador.cl\/wp-content\/uploads\/2016\/08\/rositaSerrano-150x150.jpg\" alt=\"rositaSerrano\" width=\"150\" height=\"150\" \/><\/a>Me hace pasar a su estudio, y me muestra cortos de documentales. <a href=\"https:\/\/youtu.be\/1sIAqyyzVa8\">La publicidad de los discos de vinilo de Telefunken que utiliza a Rosita Serrano con el \u00e1guila de la Wehrmacht en la solapa<\/a>. \u201cYo no creo que ella haya sido tan aguerrida como para esconder gente. Eso era muy peligroso en un pa\u00eds en guerra\u201d, dice.<\/p>\n<p>Comenta que a los alemanes les gustaba que Rosita hablara mal el alem\u00e1n; lo encontraban ex\u00f3tico. Es parad\u00f3jico que las m\u00e1s conocidas en Alemania eran extranjeras, escribi\u00f3 Puccio en un texto preparado como <em>voz en off<\/em> para su documental. \u201cLlegadas entre 1937 y 1938, sus <em>voces er\u00f3ticas<\/em> ten\u00edan un toque de libertad y lejan\u00eda. Rosita ven\u00eda del lejano Chile; Zarah Leander, de Suecia, y Marika R\u00f6kk, de Hungr\u00eda.\u201d<\/p>\n<p>El historiador Cristi\u00e1n Gazmuri coment\u00f3 el libro de V\u00edctor Far\u00edas \u00abLos nazis en Chile\u00bb, Editorial Planeta, del a\u00f1o 2000, que acusa de pro-nazi\u00a0a la cantante: \u201cNo deja duda alguna el libro del profesor Far\u00edas de que, hasta comienzos de la Segunda Guerra mundial, Rosita Serrano se dej\u00f3 mimar por la prensa alemana, toda ella controlada, y particip\u00f3 en muchos recitales o ceremonias, oficiales o semioficiales (todo es as\u00ed en un totalitarismo). Pero deja igualmente claro que en los a\u00f1os 1940, cuando la barbarie nazi se hizo evidente, Rosita Serrano dio conciertos en beneficio de refugiados daneses y jud\u00edos en Suecia, hasta el punto que se dictamin\u00f3 \u00abque sus discos y grabaciones radiales deben ser requisados\u00bb (p. 421). Rosita Serrano debi\u00f3 finalmente abandonar Alemania en estado de indigencia, al ser bloqueados sus haberes, debiendo ser repatriada desde Estocolmo. \u00bfSe le puede acusar, como lo hace el autor, de ser una incondicional de la brutalidad nazi? No me parece.\u201d<\/p>\n<p>Con mucha gracia, Puccio me confidenci\u00f3 que durante mucho tiempo \u00e9l no hab\u00eda cre\u00eddo cuando le contaron que Rosita Serrano hab\u00eda dicho que <a href=\"https:\/\/en.wikipedia.org\/wiki\/Hermann_G%C3%B6ring\">Hermann Goering<\/a>, un gran admirador de Rosita, pose\u00eda servicios de oro (cuchillos, tenedores). Por eso, se sorprendi\u00f3 mucho cuando despu\u00e9s encontr\u00f3 esa informaci\u00f3n en otro lado. Dicen que Goering invit\u00f3 a Rosita al subterr\u00e1neo a contemplar a su difunta esposa embalsamada.<\/p>\n<div id=\"attachment_183\" style=\"width: 310px\" class=\"wp-caption aligncenter\"><a href=\"http:\/\/www.superbuscador.cl\/wp-content\/uploads\/2016\/08\/Bundesarchiv_Bild_183-2004-1202-504_Berlin_Adolf_Hitler_und_Hermann_G\u00f6ring.jpg\"><img loading=\"lazy\" decoding=\"async\" aria-describedby=\"caption-attachment-183\" class=\"size-medium wp-image-183\" src=\"http:\/\/www.superbuscador.cl\/wp-content\/uploads\/2016\/08\/Bundesarchiv_Bild_183-2004-1202-504_Berlin_Adolf_Hitler_und_Hermann_G\u00f6ring-300x226.jpg\" alt=\"Hitler y Goering en 1938\" width=\"300\" height=\"226\" srcset=\"http:\/\/www.superbuscador.cl\/wp-content\/uploads\/2016\/08\/Bundesarchiv_Bild_183-2004-1202-504_Berlin_Adolf_Hitler_und_Hermann_G\u00f6ring-300x226.jpg 300w, http:\/\/www.superbuscador.cl\/wp-content\/uploads\/2016\/08\/Bundesarchiv_Bild_183-2004-1202-504_Berlin_Adolf_Hitler_und_Hermann_G\u00f6ring-768x579.jpg 768w, http:\/\/www.superbuscador.cl\/wp-content\/uploads\/2016\/08\/Bundesarchiv_Bild_183-2004-1202-504_Berlin_Adolf_Hitler_und_Hermann_G\u00f6ring.jpg 795w\" sizes=\"auto, (max-width: 300px) 100vw, 300px\" \/><\/a><p id=\"caption-attachment-183\" class=\"wp-caption-text\">Adolf Hitler con Hermann Goering en el balc\u00f3n de la Canciller\u00eda. Berl\u00edn, 16 de marzo de 1938.<br \/>Cr\u00e9dito:\u00a0<a title=\"Creative Commons Attribution-Share Alike 3.0 de\" href=\"http:\/\/creativecommons.org\/licenses\/by-sa\/3.0\/de\/deed.en\">CC BY-SA 3.0 de<\/a>\u00a0<\/p><\/div>\n<p>Carlos Puccio pensaba que tal vez una importante autoridad militar nazi le advirti\u00f3 a Rosita que era mejor que se fuera de Alemania porque iban a perder la guerra. O tambi\u00e9n podr\u00eda haber sido Tob\u00edas Barros Ortiz, embajador de Chile en la Alemania nazi y padre de la actriz y cantante Carmen Barros (Marianela, del grupo Marianela y Los Gatos).<\/p>\n<p>La orden de arresto es de noviembre de 1943, cuando ya las cosas iban muy mal: los nazis hab\u00edan sido derrotados en Stalingrado y el norte de \u00c1frica; los aliados hab\u00edan invadido Italia; Alemania estaba siendo bombardeada. \u201cTambi\u00e9n en el caso de Rosita Serano (sic) no se hizo ning\u00fan arresto. La artista est\u00e1 actualmente en Suecia. Si vuelve al \u00e1rea del Reich, deber\u00e1 enfrentar un proceso de investigaci\u00f3n, ya que es sospechosa de espionaje.\u201d (Un <a href=\"http:\/\/www.bbc.com\/mundo\/noticias-america-latina-36735309\">reportaje de la BBC<\/a> muestra este documento que ten\u00eda Puccio. Agrega que lleg\u00f3 a ser tan famosa como las artistas germanas Zarah Leander y Marlene Dietrich. Zarah era sueca. Marlene se hab\u00eda refugiado en Estados Unidos muchos a\u00f1os antes de que asumieran los nazis.)<\/p>\n","protected":false},"excerpt":{"rendered":"<p>\u201cCOMIENZA el baile y suena Pobre caminante de un tocadiscos. Entre los invitados que se animan a salir a la peque\u00f1a pista se encuentra Carlos Puccio, hermano del ex ministro socialista Osvaldo Puccio, jovenc\u00edsimo junto a su se\u00f1ora, Marisol Guerra.\u201d As\u00ed lo describe la periodista Roc\u00edo Montes en la revista \u00abCaras\u00bb. \u201cFragmentos de la vida [&hellip;]<\/p>\n","protected":false},"author":1,"featured_media":0,"comment_status":"open","ping_status":"open","sticky":false,"template":"","format":"standard","meta":{"footnotes":""},"categories":[59],"tags":[82,89,80,97,83],"class_list":["post-180","post","type-post","status-publish","format-standard","hentry","category-musica","tag-alemania-nazi","tag-musica","tag-musica-chilena","tag-nazismo","tag-rosita-serrano"],"_links":{"self":[{"href":"http:\/\/www.superbuscador.cl\/index.php?rest_route=\/wp\/v2\/posts\/180","targetHints":{"allow":["GET"]}}],"collection":[{"href":"http:\/\/www.superbuscador.cl\/index.php?rest_route=\/wp\/v2\/posts"}],"about":[{"href":"http:\/\/www.superbuscador.cl\/index.php?rest_route=\/wp\/v2\/types\/post"}],"author":[{"embeddable":true,"href":"http:\/\/www.superbuscador.cl\/index.php?rest_route=\/wp\/v2\/users\/1"}],"replies":[{"embeddable":true,"href":"http:\/\/www.superbuscador.cl\/index.php?rest_route=%2Fwp%2Fv2%2Fcomments&post=180"}],"version-history":[{"count":1,"href":"http:\/\/www.superbuscador.cl\/index.php?rest_route=\/wp\/v2\/posts\/180\/revisions"}],"predecessor-version":[{"id":185,"href":"http:\/\/www.superbuscador.cl\/index.php?rest_route=\/wp\/v2\/posts\/180\/revisions\/185"}],"wp:attachment":[{"href":"http:\/\/www.superbuscador.cl\/index.php?rest_route=%2Fwp%2Fv2%2Fmedia&parent=180"}],"wp:term":[{"taxonomy":"category","embeddable":true,"href":"http:\/\/www.superbuscador.cl\/index.php?rest_route=%2Fwp%2Fv2%2Fcategories&post=180"},{"taxonomy":"post_tag","embeddable":true,"href":"http:\/\/www.superbuscador.cl\/index.php?rest_route=%2Fwp%2Fv2%2Ftags&post=180"}],"curies":[{"name":"wp","href":"https:\/\/api.w.org\/{rel}","templated":true}]}}