{"id":187,"date":"2016-10-16T18:36:06","date_gmt":"2016-10-16T22:36:06","guid":{"rendered":"http:\/\/www.superbuscador.cl\/?p=187"},"modified":"2016-10-16T18:36:06","modified_gmt":"2016-10-16T22:36:06","slug":"juan-radrigan-es-puro-teatro","status":"publish","type":"post","link":"http:\/\/www.superbuscador.cl\/?p=187","title":{"rendered":"Juan Radrig\u00e1n es puro teatro"},"content":{"rendered":"<p><strong>A MEDIADOS DE DICIEMBRE DE 2012,<\/strong> me encargaron de la revista CARAS entrevistar a Juan Radrig\u00e1n.<\/p>\n<p>Nos reunimos en el Teatro del Puente el mi\u00e9rcoles 19 de diciembre de 2012 a las 11 de la ma\u00f1ana.<\/p>\n<p>All\u00e1, Diego Bernales hizo las fotograf\u00edas.<\/p>\n<p>Despu\u00e9s, cruzamos el Parque Forestal caminando y conversando sobre lo eficientes que eran las empresas de derechos de autor para cobrar en todo el mundo. Tratamos de ingresar al restaurante \u00abEl Cuervo\u00bb para fumar y tomar caf\u00e9, pero no aceptaban fumadores. Finalmente, nos instalamos en un bonito caf\u00e9 de Lastarria.<\/p>\n<p>Nos llevamos muy bien, compart\u00edamos el inter\u00e9s por Job y por el Antiguo Testamento. Y la admiraci\u00f3n por Bielsa.<\/p>\n<p>La entrevista <a href=\"http:\/\/www.caras.cl\/teatro\/juan-radrigan-puro-teatro\/\">la public\u00f3 la revista CARAS el 22 de enero de 2013<\/a>.<\/p>\n<p>Esta es la entrevista.<\/p>\n<p><a href=\"http:\/\/www.superbuscador.cl\/wp-content\/uploads\/2016\/10\/Radrigan.jpg\"><img loading=\"lazy\" decoding=\"async\" class=\"aligncenter size-medium wp-image-190\" src=\"http:\/\/www.superbuscador.cl\/wp-content\/uploads\/2016\/10\/Radrigan-300x233.jpg\" alt=\"radrigan\" width=\"300\" height=\"233\" srcset=\"http:\/\/www.superbuscador.cl\/wp-content\/uploads\/2016\/10\/Radrigan-300x233.jpg 300w, http:\/\/www.superbuscador.cl\/wp-content\/uploads\/2016\/10\/Radrigan-768x596.jpg 768w, http:\/\/www.superbuscador.cl\/wp-content\/uploads\/2016\/10\/Radrigan.jpg 819w\" sizes=\"auto, (max-width: 300px) 100vw, 300px\" \/><\/a><\/p>\n<p><strong>Juan Radrig\u00e1n es puro teatro<\/strong><\/p>\n<ul>\n<li><strong>Si le sacaran el teatro al Premio Nacional de Artes y Representaci\u00f3n 2011, no quedar\u00eda nada. Ni los huesos.<\/strong><\/li>\n<li><strong>Escribe por lo menos cinco horas todos los d\u00edas. Lo hace a mano, en hojas blancas, sin l\u00edneas.<\/strong><\/li>\n<\/ul>\n<p>&nbsp;<\/p>\n<p><strong>LO<\/strong> sorprendi\u00f3 la llegada de Marcelo Bielsa a Chile. La alegr\u00eda que le trajo al pueblo. Juan Radrig\u00e1n (75, tres hijos) estaba craneando una obra basada en el concepto del \u201casado amargo\u201d, porque siempre nos prepar\u00e1bamos con ilusi\u00f3n para ver a La Roja y termin\u00e1bamos llorando. \u201cNo me dej\u00f3 escribir esa obra Bielsa, porque empezamos a ganar\u201d.<\/p>\n<p>No es que le falten obras: ya tiene m\u00e1s de cuarenta. El cr\u00edtico de teatro Agust\u00edn Letelier lo considera \u201cla m\u00e1s alta personalidad del teatro chileno en los \u00faltimos 30 a\u00f1os\u201d.<\/p>\n<p>Desde 1979, Juan Radrig\u00e1n es puro teatro. Si le sacaran el teatro al Premio Nacional de Artes y Representaci\u00f3n 2011, no quedar\u00eda nada. Ni los huesos.<\/p>\n<p>Incluso le ha transmitido este amor inmenso a su hija Flavia, tambi\u00e9n dramaturga. \u201cNos leemos las cosas. Nos pedimos consejos. Ella est\u00e1 escribiendo bastante. Ahora tiene una sobre El Criollito, el \u00faltimo de los fusilados, uno que le gustaban los tangos y que mat\u00f3 a un sastre. Ya est\u00e1 terminando ya\u201d.<\/p>\n<p>Con su mujer actual, la actriz Silvia Mar\u00edn, tiene una hija de 15 a\u00f1os, Roc\u00edo. Radrig\u00e1n cree que tambi\u00e9n va a escribir. Por ahora, dise\u00f1a trajes japoneses y va a encuentros de <em>anim\u00e9.<\/em><\/p>\n<p><strong>DESPU\u00c9S DE HACER LAS FOTOS EN EL TEATRO DEL PUENTE, CRUZAMOS EL PARQUE FORESTAL<\/strong> conversando acerca de que le pagan el 10 por ciento de las entradas cada vez que montan una obra suya. Se asombra de que el sistema funciona muy bien, incluso en el extranjero.<\/p>\n<p>Sobre todo ha sido as\u00ed con \u201cAmores de cantina\u201d, la obra musical que presentar\u00e1 en el Teatro Nescaf\u00e9 de las Artes entre el 16 y el 20 de enero de 2013. Es la quinta temporada del drama. \u201cLa han dado harto, y en lugares con mucho p\u00fablico. \u00a1Los que trabajan son terribles, s\u00ed, poh!: Mar\u00eda Izquierdo, Ema Pinto, Luis Dub\u00f3, y el mismo que estaba ahora en el Teatro del Puente, Fafifo (Francisco Ossa), quien \u00a1hace un muy buen personaje!\u201d.<\/p>\n<p>Como las obras de Shakespeare, \u201cAmores de cantina\u201d es en verso:<\/p>\n<p><em>\u201cLo cabr\u00f3n es que nacimos<\/em><\/p>\n<p><em>pa\u2019 querer y que nos quieran,<\/em><\/p>\n<p><em>de otro modo perdimos<\/em><\/p>\n<p><em>lo \u00fanico que nos dieran\u201d.<\/em><\/p>\n<p>El dramaturgo reflexiona: \u201cDebe tener algo porque le llega mucho al p\u00fablico\u201d.<\/p>\n<p>En el restor\u00e1n \u201cEl Cuervo\u201d no aceptan fumadores, de modo que nos instalamos en un bonito caf\u00e9 del barrio Lastarria. Radrig\u00e1n pide caf\u00e9 con leche. Yo, Nescaf\u00e9.<\/p>\n<p>Durante 2013 van a estrenar cuatro de sus obras. \u201cLos voy a aburrir con teatro\u201d.<\/p>\n<p><strong>\u2014Es de los que m\u00e1s ha estado presente en los \u00faltimos a\u00f1os.<\/strong><\/p>\n<p>\u2014S\u00ed, persistente. Empecinado en seguir escribiendo.<\/p>\n<p><strong>\u2014\u00bfQu\u00e9 se siente ser una leyenda viviente?<\/strong><\/p>\n<p>\u2014\u00a1Ah, es que no me doy cuenta! \u00a1Ja ja ja! <em>(se r\u00ede con ganas).<\/em><\/p>\n<p><strong>\u2014Marietta Sant\u00ed, cr\u00edtica de teatro, opina que las leyendas vivientes son Alejandro Sieveking, Egon Wolff, Gustavo Meza y usted.<\/strong><\/p>\n<p>\u2014Meza es m\u00e1s director, \u00bfah? <em>(aclara de inmediato).<\/em> Tiene algunas obras.<\/p>\n<p><strong>\u2014Pero no una gran cantidad&#8230;<\/strong><\/p>\n<p>\u2014No, \u00a1ni una gran calidad tampoco!<em> (vuelve a re\u00edr).<\/em><\/p>\n<p>Sieveking y Wolff merecen el Premio Nacional, opina. \u201cPero es cada dos a\u00f1os: \u00a1hay que tener cuidado de que no nos andemos muriendo!\u201d&#8230;<\/p>\n<p>Otro fecundo dramaturgo de m\u00e1s de 70 a\u00f1os, Luis Rivano, no le gusta mucho: \u201cEs facho. Despu\u00e9s del 73, la \u00fanica parte donde se pod\u00eda encontrar libros de izquierda era su librer\u00eda. Ten\u00eda puesta la Cantata Santa Mar\u00eda en la vitrina y no le pasaba ninguna <em>hue\u00e1.<\/em> Mucha gente reconoci\u00f3 en la librer\u00eda de Luis Rivano los libros que les hab\u00edan sacado en los allanamientos. Por eso no lo quiero\u201d.<\/p>\n<p>&nbsp;<\/p>\n<p><strong>NO VA MUCHO AL CINE, PERO LE AGRADA LA CIENCIA-FICCI\u00d3N. <\/strong>Le parece sorprendente la pel\u00edcula \u201cEl gran pez\u201d, de Tim Burton. Disfruta a Beethoven y tambi\u00e9n a Berlioz y Ravel. Dentro de lo popular, Violeta Parra, V\u00edctor Jara, Rolando Alarc\u00f3n. Entre los poetas, Oscar Hahn, Armando Uribe (saludamos a su hija Catalina cuando ven\u00edamos llegando al local) y Tom\u00e1s Harris.<\/p>\n<p>Le encanta la cazuela de vacuno.<\/p>\n<p>Si tiene m\u00e1s tiempo un fin de semana, escribe m\u00e1s, o va a ver alguna obra de teatro.<\/p>\n<p>Pero lo que m\u00e1s hace es escribir (\u201c\u00e9se es mi quehacer\u201d) y ver a los hijos (\u201cquisiera verlos siempre\u201d). Trata de escribir unas cinco o seis horas diarias, a mano, en hojas blancas sin l\u00edneas. Despu\u00e9s, lo pasa al computador. Lo ideal, cuenta, es en la ma\u00f1ana, de ocho a una. \u201cLo que escribo a esa hora es el material en el cual yo conf\u00edo; el que arreglo despu\u00e9s en las noches\u201d.<\/p>\n<p><strong>\u2014\u00bfCorrige mucho?<\/strong><\/p>\n<p>\u2014Harto, pero en la medida que voy escribiendo, \u00bfah? \u00a1Si para una obra escribo hasta 400 p\u00e1ginas! Decanto mucho.<\/p>\n<p>Una obra son, en realidad, 35 p\u00e1ginas de computador. (Usa el PC s\u00f3lo para esto; ni sabe lo que son Twitter y Facebook, y tampoco es esclavo de un celular.)<\/p>\n<p>Luis Vera llev\u00f3 al cine en 1986 una de sus obras, \u201cHechos consumados\u201d. Radrig\u00e1n no qued\u00f3 contento. \u201cComo ejemplo, en la obra mencionan que pasa mucha gente, que pueden ser desaparecidos, cesantes, muertos, y \u00e9ste para graficar eso puso una procesi\u00f3n de la Virgen del Carmen, con banderitas y toda la <em>hue\u00e1.<\/em> \u00a1Na\u2019 que ver con la obra! (con mucho \u00e9nfasis). \u00a1No entendi\u00f3 re ninguna hue\u00e1! O era una concesi\u00f3n para el tiempo en que la hizo, que era en dictadura. Pero, y si no, \u00a1que no la haga, poh!, \u00bfno es cierto?\u201d.<\/p>\n<p>&nbsp;<\/p>\n<div id=\"attachment_191\" style=\"width: 310px\" class=\"wp-caption alignleft\"><a href=\"http:\/\/www.superbuscador.cl\/wp-content\/uploads\/2016\/10\/Radrigan-1.jpg\"><img loading=\"lazy\" decoding=\"async\" aria-describedby=\"caption-attachment-191\" class=\"wp-image-191 size-medium\" src=\"http:\/\/www.superbuscador.cl\/wp-content\/uploads\/2016\/10\/Radrigan-1-300x233.jpg\" alt=\"radrigan\" width=\"300\" height=\"233\" srcset=\"http:\/\/www.superbuscador.cl\/wp-content\/uploads\/2016\/10\/Radrigan-1-300x233.jpg 300w, http:\/\/www.superbuscador.cl\/wp-content\/uploads\/2016\/10\/Radrigan-1-768x596.jpg 768w, http:\/\/www.superbuscador.cl\/wp-content\/uploads\/2016\/10\/Radrigan-1.jpg 819w\" sizes=\"auto, (max-width: 300px) 100vw, 300px\" \/><\/a><p id=\"caption-attachment-191\" class=\"wp-caption-text\"><em>En el Teatro del Puente, Diego Bernales fotografi\u00f3 a Juan Radrig\u00e1n en 2012.<\/em><\/p><\/div>\n<p><strong>CASI NO VE TELEVISI\u00d3N.<\/strong> \u201cEs horrenda la far\u00e1ndula. Son todos absolutamente est\u00fapidos los de los reality; parecen escogidos con carnet. \u2018\u00bfUsted es est\u00fapido?; mu\u00e9streme su carnet; ah, ya\u2019 <em>(hace como si estuviera revisando las entradas).<\/em> \u00a1Y tan mentirosos!\u201d.<\/p>\n<p>Esa \u201ccosa aterradora de Las Argando\u00f1a\u201d le record\u00f3 el Palacio de Versalles. \u201c\u00a1Haciendo eso y la gente de los alrededores con muchas necesidades y hambre! \u00a1Millones y millones en esa tontera absoluta, rid\u00edcula! \u00a1Cu\u00e1nta estupidez y cu\u00e1nta pobreza soporta la democracia!\u201d.<\/p>\n<p>Le gustar\u00eda hacer algo serio sobre \u201cesa payasada\u201d. Reflexionar con iron\u00eda sobre esa \u201cverdadera bofetada\u201d. \u201cNo hay para qu\u00e9 insultarlos, porque ellos son un insulto en s\u00ed mismos\u201d.<\/p>\n<p>Toma vuelo.<\/p>\n<p>\u201cY arrasan. Hacen esta cosa que llaman \u2018Las indomables\u2019 y arrasan\u201d.<\/p>\n<p>El mismo escozor le producen estas obras livianitas que predominan en cualquier festival de teatro. \u201cSon entretenci\u00f3n. El espect\u00e1culo no necesita conflicto. Yo digo que hay que desnudar a los personajes, pero sin sacarles la ropa. Cuando este teatro es infinitamente superior num\u00e9ricamente al otro, significa que estamos mal. Lo mismo cuando abundan los garabatos, que esconden la falta de discurso, la falta de algo que decir\u201d.<\/p>\n<p>En una ocasi\u00f3n, se retir\u00f3 de la presentaci\u00f3n de \u201cEl toro por las astas\u201d porque la llenaron de garabatos. El director era Alejandro Goic. \u201cYo me enoj\u00e9 mucho con \u00e9l porque pod\u00eda decir que no, y no lo hizo. Dej\u00f3 que los actores siguieran meti\u00e9ndole garabatos\u201d.<\/p>\n<p><strong>\u2014Es curioso, porque usted escribe mucho del pueblo, que habla con groser\u00edas.<\/strong><\/p>\n<p>\u2014Pero yo pienso que se puede cambiar el lenguaje a uno m\u00e1s universal, m\u00e1s humano. \u00a1Si no hablan todo el d\u00eda a puro garabato! Eso es una forma de discriminaci\u00f3n. Yo le arranco al garabato porque es un recurso f\u00e1cil.<\/p>\n<p><strong>\u2014Sus pobladores hablan de manera po\u00e9tica.<\/strong><\/p>\n<p>\u2014\u00a1Claro! <em>(se r\u00ede con ganas).<\/em> Trato.<\/p>\n<p>En \u201cLas brutas\u201d, Luc\u00eda dice: \u201cNo tengai mieo, Luciana; morirse es igual que dormir, pero una dispierta en otro lao\u201d. Luciana <em>(abatida) <\/em>responde: \u201cClaro\u2026 \u00bfPor qu\u00e9 tenimos que matarlos, Luc\u00eda? \u00bfPor qu\u00e9 no po\u00edmos vivir?\u201d<\/p>\n<p><strong>\u2014\u00bfQu\u00e9 dijo Goic?<\/strong><\/p>\n<p>\u2014Me importaba tan poco lo que dijera <em>(se vuelve a re\u00edr);<\/em> nunca m\u00e1s volv\u00ed a hablar con \u00e9l. Es la \u00fanica vez que me ha pasado eso.<\/p>\n<p>Se queda pensando y dice despu\u00e9s: \u201cMe sal\u00ed no m\u00e1s\u201d.<\/p>\n<p>Nos ofrecen algo m\u00e1s. Un vasito de agua, pido. \u201cY les voy a cambiar el cenicero\u201d, dice la garzona, severa \u201cporque ya\u201d&#8230;<\/p>\n<p>De la nada, Radrig\u00e1n observa: \u201cLuis Barrales es bueno ahora, \u00bfno?\u201d. Lo considera el mejor que ha surgido de los j\u00f3venes al autor de \u201cHans Pozo\u201d, \u201cLas ni\u00f1as ara\u00f1a\u201d, \u201cRota\u201d; destaca una de teatro callejero, \u201cLa Epopeya de Lucho Chaveta\u201d.<\/p>\n<p>Es hora de almuerzo. Todos est\u00e1n comiendo, pero nosotros tomamos s\u00f3lo caf\u00e9, y fumamos. Suena m\u00fasica. Una espa\u00f1ola se sienta a nuestra mesa grande con su notebook y pide una sopa.<\/p>\n<p><strong>\u2014Le gustaron las cosas que hizo Andr\u00e9s P\u00e9rez sobre teatro callejero.<\/strong><\/p>\n<p>\u2014S\u00ed, me habr\u00eda encantado trabajar con \u00e9l en alguna ocasi\u00f3n.<\/p>\n<p><strong>\u2014Antes de irse a Francia, Andr\u00e9s hab\u00eda danzado en \u201cLautaro\u201d, de Isidora Aguirre.<\/strong><\/p>\n<p>\u2014S\u00ed, si yo la vi.<\/p>\n<p><strong>\u2014\u00bfEra buena la obra?<\/strong><\/p>\n<p>\u2014S\u00ed, y como siempre le faltaba su profundidad. \u00a1Ella sab\u00eda muuucho sobre estructura dram\u00e1tica, sobre c\u00f3mo escribir!&#8230; Sab\u00eda mucho, pero en la pr\u00e1ctica&#8230;<\/p>\n<p><strong>\u2014\u00bfC\u00f3mo era como persona?<\/strong><\/p>\n<p>\u2014\u00a1Buena gente la vieja! <em>(observa con ganas, campechano).<\/em><\/p>\n<p><strong>\u2014\u00bfGenerosa?<\/strong><\/p>\n<p>\u2014S\u00ed, pero estaba obsesionada con \u201cLa p\u00e9rgola de las flores\u201d. T\u00fa le hablabas de alguna panader\u00eda, le hablabas de la segunda guerra mundial, le hablabas de alguna revoluci\u00f3n: \u201cS\u00ed, pero La p\u00e9rgola de las flores\u201d&#8230; \u00a1\u00c1ndate a la chucha! Ten\u00eda harto aburrida a la gente.<\/p>\n<p><strong>\u2014Se transform\u00f3 en un hito.<\/strong><\/p>\n<p>\u2014Adem\u00e1s que no mencionaba a (Francisco) Flores del Campo. \u00a1No lo mencionaba!, y le sacas la m\u00fasica y la \u201cTonada de Medianoche\u201d, \u00a1y sonaste, poh!<\/p>\n<p>Traen los vasos de agua y un nuevo cenicero.<\/p>\n<p><a href=\"http:\/\/www.superbuscador.cl\/wp-content\/uploads\/2016\/10\/JRadrigan.jpg\"><img loading=\"lazy\" decoding=\"async\" class=\"aligncenter size-medium wp-image-192\" src=\"http:\/\/www.superbuscador.cl\/wp-content\/uploads\/2016\/10\/JRadrigan-300x185.jpg\" alt=\"jradrigan\" width=\"300\" height=\"185\" srcset=\"http:\/\/www.superbuscador.cl\/wp-content\/uploads\/2016\/10\/JRadrigan-300x185.jpg 300w, http:\/\/www.superbuscador.cl\/wp-content\/uploads\/2016\/10\/JRadrigan-768x474.jpg 768w, http:\/\/www.superbuscador.cl\/wp-content\/uploads\/2016\/10\/JRadrigan.jpg 819w\" sizes=\"auto, (max-width: 300px) 100vw, 300px\" \/><\/a><\/p>\n<p><strong>JUNTO A SU HIJO ECONOMISTA Y FLAVIA <\/strong>piensan instalar una librer\u00eda donde se tome caf\u00e9, se hagan mon\u00f3logos, \u201cuna cosa bien movida\u201d. Y que atiendan algunos escritores un d\u00eda de la semana. \u201cHoy atiende Oscar Hahn, por ejemplo. Lo convidamos. Y dramaturgos: que atienda un d\u00eda Sieveking <em>(se r\u00ede de la sola idea), <\/em>Marco Antonio de la Parra\u201d.<\/p>\n<p><strong>\u2014\u00bfEs bonito trabajar con una hija?<\/strong><\/p>\n<p>\u2014S\u00ed; quisi\u00e9ramos tener m\u00e1s tiempo. Pero ya lo vamos a conseguir porque estoy pr\u00e1cticamente jubilado <em>(dice, confiado).<\/em> Este a\u00f1o trabaj\u00e9 en seis universidades.<\/p>\n<p><strong>\u2014Con el Premio Nacional qued\u00f3 bien econ\u00f3micamente&#8230;<\/strong><\/p>\n<p>\u2014Claro; por eso me quiero dedicar a trabajar con grupos peque\u00f1os y desconocidos. La mayor cantidad de teatro, la fuerza, la pujanza est\u00e1 en los extramuros. Se hace mucho teatro en casas desocupadas, en bodegas. Yo trato de ver mucho de ese teatro. Ah\u00ed est\u00e1 surgiendo un movimiento bueno. \u00a1Son todos j\u00f3venes! Y lo hacen a pulso.<\/p>\n<p>Porque el recurso es el Fondart, \u201cque es una especie de circo romano: el que sobrevive lo recibe\u201d.<\/p>\n<p><strong>\u2014Es dif\u00edcil acceder a eso.<\/strong><\/p>\n<p>\u2014\u00a1Cuesta tanto llenar esos formularios! <em>(con mucho \u00e9nfasis).<\/em> \u00a1Te preguntan tantas cosas y te obligan a explicar todo: \u00bfcu\u00e1ndo compr\u00f3 este chicle?, y \u00bfpor qu\u00e9?, y \u00bfera necesario?<\/p>\n<p>&nbsp;<\/p>\n<p><strong>TODO ES TEATRO. CUESTA HABLAR DE OTROS TEMAS; BIELSA ES LA EXCEPCI\u00d3N.<\/strong><\/p>\n<p><strong>\u2014\u00bfC\u00f3mo lo hizo Bielsa para cambiar al equipo chileno?<\/strong><\/p>\n<p>\u2014Con rigurosidad. Se notaba que estaban jugando a algo y que hab\u00eda ganas de ganar. Iba desde el m\u00ednimo detalle hasta el \u00faltimo. \u00a1Y estos desgraciados que lo hayan echado!, y era de las pocas alegr\u00edas que pod\u00eda tener el pueblo.<\/p>\n<p><strong>\u2014Ser\u00eda su personalidad: una persona estudiosa, culta&#8230;<\/strong><\/p>\n<p>\u2014\u00a1Iba siempre al teatro! Fue a ver \u201cHechos consumados\u201d y \u201cLas Brutas\u201d.<\/p>\n<p><strong>\u2014\u00bfSon de sus obras favoritas? \u00bfCu\u00e1les son sus \u201chijas\u201d favoritas, fuera de Flavia?<\/strong><\/p>\n<p>\u2014Fuera de la Flavia no hay nadie <em>(se le escapa).<\/em> O sea, la Roc\u00edo <em>(intenta corregir).<\/em> Entre las obras, hay una que no hemos dado nunca y que me gusta mucho, \u201cEl Pr\u00edncipe Desolado\u201d. Es la \u00fanica que no hemos montado.<\/p>\n<p><strong>\u2014\u00bfPor qu\u00e9?<\/strong><\/p>\n<p>\u2014Porque dicen que es contra la Iglesia, lo que es una mentira. Es la historia de Luzbel, de cuando fue designado para que fuera el mal. Para que no se derrumbara el Para\u00edso; \u201c\u00a1si aqu\u00ed estamos muri\u00e9ndonos de tedio!\u201d, dec\u00edan ellos. Algo tiene que pasar&#8230; \u201cVos vai a ser el malo\u201d, le dijeron.<\/p>\n<p><strong>\u2014Bueno, en Job aparece sentado al lado de los \u00e1ngeles.<\/strong><\/p>\n<p>\u2014Absolutamente, y haciendo una apuesta ah\u00ed con Dios, poh.<\/p>\n<p><strong>\u2014\u201c\u00a1Se las dai facilito a Job!\u201d&#8230;<\/strong><\/p>\n<p>\u2014Claro: \u201c\u00a1D\u00e9jamelo a m\u00ed, poh!\u201d. Y lo hicieron zumbar. \u00a1Oye, eso es terrible!: dos dioses, f\u00edjat\u00e9, con el pobre&#8230; Le mataron las ovejas, le mataron los amigos, le mataron los parientes, lo llenaron de llagas&#8230; Y despu\u00e9s los huevones vinieron y le devolvieron todo, pero no es lo mismo <em>(reflexivo y con sentimiento).<\/em> Job debi\u00f3 haberles hecho: \u201c\u00a1Toma, huev\u00f3n, d\u00e9jame as\u00ed!\u201d <em>(haciendo un gesto futbol\u00edstico).<\/em><\/p>\n<p><strong>\u2014Siempre hablan de Job como s\u00edmbolo de la resignaci\u00f3n, pero \u00e9l estaba indignado.<\/strong><\/p>\n<p>\u2014\u00a1Indignad\u00edsimo!<\/p>\n<p><strong>\u2014Cuando llegan los vecinos a hablarle, estaba muy molesto. <\/strong><\/p>\n<p>\u2014\u00a1Furioso!: \u201cMaldito el d\u00eda en que nac\u00ed\u201d&#8230;<\/p>\n<p><strong>\u2014\u201cPerezca el d\u00eda en que nac\u00ed y que fue dicho \u2018un ni\u00f1o fue hoy concebido\u2019; convi\u00e9rtase ese d\u00eda en tinieblas\u201d&#8230; (Job, 3,3). <\/strong><\/p>\n<p>\u2014Eran democratacristianos esos tres amigos que trataban de aconsejarlo, que le dicen que algo ten\u00eda que haber hecho <em>(se r\u00ede con ganas de su ocurrencia).<\/em><\/p>\n<p>En \u201cEl Pr\u00edncipe Desolado\u201d, Luzbel llega a las puertas del Para\u00edso con su mujer, Lilith, enferma. Pide que le den remedios. \u201cPero ellos no pueden entrar al Para\u00edso porque son el mal. Entonces, la deja en la puerta, y los cuidadores que est\u00e1n ah\u00ed son sus hijos\u201d.<\/p>\n<p>Luzbel es un maldito y es eterno, no puede morir. \u201cDondequiera que va es rechazado. Toda la Tierra es de Dios. No tiene d\u00f3nde estar. Lo \u00fanico que quiere <em>(se r\u00ede)<\/em> es que le devuelvan la muerte. Y no se la devuelven porque se arma el tremendo l\u00edo sin el mal, pues\u201d.<\/p>\n<p><strong>\u2014Sin el mal, todav\u00eda tendr\u00edamos a Bielsa.<\/strong><\/p>\n<p>\u2014\u00a1Estar\u00edamos bien ah\u00ed!, esperando los partidos&#8230; <em>(Con asados jugosos y pebre.)<\/em> No les import\u00f3 nada. <em>(Cambia de enfoque.)<\/em> \u00a1Qu\u00e9 ermita\u00f1o el tipo! Calz\u00f3 muy bien aqu\u00ed, \u00bfno? Cuando perdieron con Brasil, estuvo hasta como el amanecer pase\u00e1ndose, pensando.<\/p>\n<p><strong>\u2014En qu\u00e9 actor ha pensado para representar a Luzbel.<\/strong><\/p>\n<p>\u2014Me encantar\u00eda Pancho Melo. Pero el temor a la Iglesia es peor que el temor al Ej\u00e9rcito. <strong>THE END<\/strong><\/p>\n<p>&nbsp;<\/p>\n<p><em>Dos a\u00f1os despu\u00e9s, en enero de 2015, Francisco Melo fue Luzbel en el estreno de \u00abEl Pr\u00edncipe Desolado\u00bb en Matucana 100.<\/em><\/p>\n<p>&nbsp;<\/p>\n","protected":false},"excerpt":{"rendered":"<p>A MEDIADOS DE DICIEMBRE DE 2012, me encargaron de la revista CARAS entrevistar a Juan Radrig\u00e1n. Nos reunimos en el Teatro del Puente el mi\u00e9rcoles 19 de diciembre de 2012 a las 11 de la ma\u00f1ana. All\u00e1, Diego Bernales hizo las fotograf\u00edas. Despu\u00e9s, cruzamos el Parque Forestal caminando y conversando sobre lo eficientes que eran [&hellip;]<\/p>\n","protected":false},"author":1,"featured_media":0,"comment_status":"open","ping_status":"open","sticky":false,"template":"","format":"standard","meta":{"footnotes":""},"categories":[],"tags":[98],"class_list":["post-187","post","type-post","status-publish","format-standard","hentry","tag-teatro"],"_links":{"self":[{"href":"http:\/\/www.superbuscador.cl\/index.php?rest_route=\/wp\/v2\/posts\/187","targetHints":{"allow":["GET"]}}],"collection":[{"href":"http:\/\/www.superbuscador.cl\/index.php?rest_route=\/wp\/v2\/posts"}],"about":[{"href":"http:\/\/www.superbuscador.cl\/index.php?rest_route=\/wp\/v2\/types\/post"}],"author":[{"embeddable":true,"href":"http:\/\/www.superbuscador.cl\/index.php?rest_route=\/wp\/v2\/users\/1"}],"replies":[{"embeddable":true,"href":"http:\/\/www.superbuscador.cl\/index.php?rest_route=%2Fwp%2Fv2%2Fcomments&post=187"}],"version-history":[{"count":2,"href":"http:\/\/www.superbuscador.cl\/index.php?rest_route=\/wp\/v2\/posts\/187\/revisions"}],"predecessor-version":[{"id":193,"href":"http:\/\/www.superbuscador.cl\/index.php?rest_route=\/wp\/v2\/posts\/187\/revisions\/193"}],"wp:attachment":[{"href":"http:\/\/www.superbuscador.cl\/index.php?rest_route=%2Fwp%2Fv2%2Fmedia&parent=187"}],"wp:term":[{"taxonomy":"category","embeddable":true,"href":"http:\/\/www.superbuscador.cl\/index.php?rest_route=%2Fwp%2Fv2%2Fcategories&post=187"},{"taxonomy":"post_tag","embeddable":true,"href":"http:\/\/www.superbuscador.cl\/index.php?rest_route=%2Fwp%2Fv2%2Ftags&post=187"}],"curies":[{"name":"wp","href":"https:\/\/api.w.org\/{rel}","templated":true}]}}